
{"id":3186,"date":"2025-09-25T13:25:27","date_gmt":"2025-09-25T13:25:27","guid":{"rendered":"https:\/\/www.astburyformentera.co.uk\/blog\/sant-ferran-de-ses-roques-descubre-el-pueblo-creativo-de-formentera\/"},"modified":"2025-12-09T11:41:29","modified_gmt":"2025-12-09T11:41:29","slug":"sant-ferran-de-ses-roques-descubre-el-pueblo-creativo-de-formentera","status":"publish","type":"post","link":"https:\/\/www.astburyformentera.es\/blog\/sant-ferran-de-ses-roques-descubre-el-pueblo-creativo-de-formentera\/","title":{"rendered":"Sant Ferran de Ses Roques: Descubre el Pueblo Creativo de Formentera"},"content":{"rendered":"\t\t<div data-elementor-type=\"wp-post\" data-elementor-id=\"3186\" class=\"elementor elementor-3186 elementor-2996\">\n\t\t\t\t<div class=\"elementor-element elementor-element-8379353 e-flex e-con-boxed e-con e-parent\" data-id=\"8379353\" data-element_type=\"container\">\n\t\t\t\t\t<div class=\"e-con-inner\">\n\t\t\t\t<div class=\"elementor-element elementor-element-c64fa8d elementor-widget elementor-widget-heading\" data-id=\"c64fa8d\" data-element_type=\"widget\" data-widget_type=\"heading.default\">\n\t\t\t\t<div class=\"elementor-widget-container\">\n\t\t\t<style>\/*! elementor - v3.23.0 - 15-07-2024 *\/\n.elementor-heading-title{padding:0;margin:0;line-height:1}.elementor-widget-heading .elementor-heading-title[class*=elementor-size-]>a{color:inherit;font-size:inherit;line-height:inherit}.elementor-widget-heading .elementor-heading-title.elementor-size-small{font-size:15px}.elementor-widget-heading .elementor-heading-title.elementor-size-medium{font-size:19px}.elementor-widget-heading .elementor-heading-title.elementor-size-large{font-size:29px}.elementor-widget-heading .elementor-heading-title.elementor-size-xl{font-size:39px}.elementor-widget-heading .elementor-heading-title.elementor-size-xxl{font-size:59px}<\/style><h1 class=\"elementor-heading-title elementor-size-default\">Sant Ferran de Ses Roques: Descubre el Pueblo Creativo de Formentera<\/h1>\t\t<\/div>\n\t\t\t\t<\/div>\n\t\t\t\t\t<\/div>\n\t\t\t\t<\/div>\n\t\t<div class=\"elementor-element elementor-element-73248316 e-flex e-con-boxed e-con e-parent\" data-id=\"73248316\" data-element_type=\"container\">\n\t\t\t\t\t<div class=\"e-con-inner\">\n\t\t\t\t<div class=\"elementor-element elementor-element-5dd561e7 elementor-widget elementor-widget-text-editor\" data-id=\"5dd561e7\" data-element_type=\"widget\" data-widget_type=\"text-editor.default\">\n\t\t\t\t<div class=\"elementor-widget-container\">\n\t\t\t<style>\/*! elementor - v3.23.0 - 15-07-2024 *\/\n.elementor-widget-text-editor.elementor-drop-cap-view-stacked .elementor-drop-cap{background-color:#69727d;color:#fff}.elementor-widget-text-editor.elementor-drop-cap-view-framed .elementor-drop-cap{color:#69727d;border:3px solid;background-color:transparent}.elementor-widget-text-editor:not(.elementor-drop-cap-view-default) .elementor-drop-cap{margin-top:8px}.elementor-widget-text-editor:not(.elementor-drop-cap-view-default) .elementor-drop-cap-letter{width:1em;height:1em}.elementor-widget-text-editor .elementor-drop-cap{float:left;text-align:center;line-height:1;font-size:50px}.elementor-widget-text-editor .elementor-drop-cap-letter{display:inline-block}<\/style>\t\t\t\t<p>En el coraz\u00f3n de <strong>Formentera<\/strong> hay un <a href=\"https:\/\/www.astburyformentera.es\/blog\/guia-de-los-6-mejores-pueblos-de-formentera\/\"><strong>pueblo<\/strong><\/a> con un alma aut\u00e9ntica y de esp\u00edritu libre: <strong>Sant Ferran de Ses Roques<\/strong>.<\/p>\n<p><strong>Sant Ferran de Ses Roques<\/strong> se convirti\u00f3 en el hogar del <strong>movimiento hippie<\/strong> en los <strong>a\u00f1os 60<\/strong>, y a\u00fan hoy su <strong>esp\u00edritu<\/strong> <strong>creativo<\/strong> y <strong>bohemio<\/strong> sigue vivo en las animadas calles, los conciertos al aire libre, los mercadillos artesanales y las largas noches de verano.<\/p>\n<p>Si quieres <strong>vivir Formentera m\u00e1s all\u00e1 de las playas<\/strong>, aqu\u00ed tienes <strong>5 razones por las que Sant Ferran deber\u00eda estar en tu itinerario.<\/strong><\/p>\n\t\t\t\t\t\t<\/div>\n\t\t\t\t<\/div>\n\t\t\t\t\t<\/div>\n\t\t\t\t<\/div>\n\t\t<div class=\"elementor-element elementor-element-7bea64c e-flex e-con-boxed e-con e-parent\" data-id=\"7bea64c\" data-element_type=\"container\">\n\t\t\t\t\t<div class=\"e-con-inner\">\n\t\t\t\t<div class=\"elementor-element elementor-element-33347e7 elementor-widget elementor-widget-image\" data-id=\"33347e7\" data-element_type=\"widget\" data-widget_type=\"image.default\">\n\t\t\t\t<div class=\"elementor-widget-container\">\n\t\t\t<style>\/*! elementor - v3.23.0 - 15-07-2024 *\/\n.elementor-widget-image{text-align:center}.elementor-widget-image a{display:inline-block}.elementor-widget-image a img[src$=\".svg\"]{width:48px}.elementor-widget-image img{vertical-align:middle;display:inline-block}<\/style>\t\t\t\t\t\t\t<figure class=\"wp-caption\">\n\t\t\t\t\t\t\t\t\t\t<img fetchpriority=\"high\" decoding=\"async\" width=\"2048\" height=\"1536\" src=\"https:\/\/www.astburyformentera.es\/blog\/wp-content\/uploads\/2025\/09\/san-ferran-formentera-church-square.webp\" class=\"attachment-full size-full wp-image-3055\" alt=\"Night view of the Church of Sant Ferran de ses Roques illuminated in the main square of Sant Ferran de ses Roques, Formentera.\" srcset=\"https:\/\/www.astburyformentera.es\/blog\/wp-content\/uploads\/2025\/09\/san-ferran-formentera-church-square.webp 2048w, https:\/\/www.astburyformentera.es\/blog\/wp-content\/uploads\/2025\/09\/san-ferran-formentera-church-square-768x576.webp 768w, https:\/\/www.astburyformentera.es\/blog\/wp-content\/uploads\/2025\/09\/san-ferran-formentera-church-square-1536x1152.webp 1536w\" sizes=\"(max-width: 2048px) 100vw, 2048px\" \/>\t\t\t\t\t\t\t\t\t\t\t<figcaption class=\"widget-image-caption wp-caption-text\">The Church of Sant Ferran de ses Roques andits main square at nighttime, Formentera,<\/figcaption>\n\t\t\t\t\t\t\t\t\t\t<\/figure>\n\t\t\t\t\t\t\t<\/div>\n\t\t\t\t<\/div>\n\t\t\t\t\t<\/div>\n\t\t\t\t<\/div>\n\t\t<div class=\"elementor-element elementor-element-75e959d e-flex e-con-boxed e-con e-parent\" data-id=\"75e959d\" data-element_type=\"container\">\n\t\t\t\t\t<div class=\"e-con-inner\">\n\t\t\t\t<div class=\"elementor-element elementor-element-5dbed43 elementor-widget elementor-widget-heading\" data-id=\"5dbed43\" data-element_type=\"widget\" data-widget_type=\"heading.default\">\n\t\t\t\t<div class=\"elementor-widget-container\">\n\t\t\t<h2 class=\"elementor-heading-title elementor-size-default\">5 Razones para visitar Sant Ferran de Ses Roques en Formentera<\/h2>\t\t<\/div>\n\t\t\t\t<\/div>\n\t\t\t\t\t<\/div>\n\t\t\t\t<\/div>\n\t\t<div class=\"elementor-element elementor-element-a56a2ed e-flex e-con-boxed e-con e-parent\" data-id=\"a56a2ed\" data-element_type=\"container\">\n\t\t\t\t\t<div class=\"e-con-inner\">\n\t\t\t\t<div class=\"elementor-element elementor-element-33da324 elementor-widget elementor-widget-heading\" data-id=\"33da324\" data-element_type=\"widget\" data-widget_type=\"heading.default\">\n\t\t\t\t<div class=\"elementor-widget-container\">\n\t\t\t<h3 class=\"elementor-heading-title elementor-size-default\">1. El coraz\u00f3n hippie de Formentera\n<\/h3>\t\t<\/div>\n\t\t\t\t<\/div>\n\t\t\t\t\t<\/div>\n\t\t\t\t<\/div>\n\t\t<div class=\"elementor-element elementor-element-3936c29 e-flex e-con-boxed e-con e-parent\" data-id=\"3936c29\" data-element_type=\"container\">\n\t\t\t\t\t<div class=\"e-con-inner\">\n\t\t\t\t<div class=\"elementor-element elementor-element-fd0b728 elementor-widget elementor-widget-text-editor\" data-id=\"fd0b728\" data-element_type=\"widget\" data-widget_type=\"text-editor.default\">\n\t\t\t\t<div class=\"elementor-widget-container\">\n\t\t\t\t\t\t\t<p data-start=\"109\" data-end=\"541\">En la d\u00e9cada de 1960, <strong>Sant Ferran de Ses Roques<\/strong> se convirti\u00f3 en <strong>el hogar de los esp\u00edritus libres del movimiento hippie<\/strong>. Los lugare\u00f1os acogieron a estos forasteros de pelo largo, conocidos como<em data-start=\"307\" data-end=\"316\">\u00abpeludos\u00bb<\/em>. La <g id=\"gid_3\">plaza de la iglesia<\/g> era uno de sus principales puntos de reuni\u00f3n. Aportaban m\u00fasica, creatividad y un esp\u00edritu contracultural y poco convencional.   <\/p>\n<p data-start=\"109\" data-end=\"541\">Incluso hoy, <strong>Sant Ferran <\/strong> se hace eco de este pasado hippie. <strong>Todos los viernes por la noche en verano<\/strong> (del 21 de junio al 27 de septiembre), suena <strong>m\u00fasica en directo<\/strong> en la plaza, y el <strong>mercado artesanal<\/strong> recorre la calle principal<strong>(todas las tardes excepto mi\u00e9rcoles y domingos, de 19 a 24 h<\/strong>). Los puestos exponen <g id=\"gid_5\">obras \u00fanicas de arte y artesan\u00eda<\/g> de artistas locales: pinturas, cer\u00e1mica, cuero, cristal, joyas y mucho m\u00e1s. Pasear por ellos mientras escuchas m\u00fasica es la forma perfecta de experimentar<strong> el alma bohemia de Sant Ferran.<\/strong>  <\/p>\n\t\t\t\t\t\t<\/div>\n\t\t\t\t<\/div>\n\t\t\t\t\t<\/div>\n\t\t\t\t<\/div>\n\t\t<div class=\"elementor-element elementor-element-8ce680b e-flex e-con-boxed e-con e-parent\" data-id=\"8ce680b\" data-element_type=\"container\">\n\t\t\t\t\t<div class=\"e-con-inner\">\n\t\t\t\t<div class=\"elementor-element elementor-element-210de35 elementor-widget elementor-widget-image\" data-id=\"210de35\" data-element_type=\"widget\" data-widget_type=\"image.default\">\n\t\t\t\t<div class=\"elementor-widget-container\">\n\t\t\t\t\t\t\t\t\t\t<figure class=\"wp-caption\">\n\t\t\t\t\t\t\t\t\t\t<img decoding=\"async\" width=\"2048\" height=\"1536\" src=\"https:\/\/www.astburyformentera.es\/blog\/wp-content\/uploads\/2025\/09\/formentera-artisan-market-san-ferran.webp\" class=\"attachment-full size-full wp-image-3025\" alt=\"Artisan market Sant Ferran de Ses Roques, Formentera\" srcset=\"https:\/\/www.astburyformentera.es\/blog\/wp-content\/uploads\/2025\/09\/formentera-artisan-market-san-ferran.webp 2048w, https:\/\/www.astburyformentera.es\/blog\/wp-content\/uploads\/2025\/09\/formentera-artisan-market-san-ferran-768x576.webp 768w, https:\/\/www.astburyformentera.es\/blog\/wp-content\/uploads\/2025\/09\/formentera-artisan-market-san-ferran-1536x1152.webp 1536w\" sizes=\"(max-width: 2048px) 100vw, 2048px\" \/>\t\t\t\t\t\t\t\t\t\t\t<figcaption class=\"widget-image-caption wp-caption-text\">Stalls at the hippie artisan market in Sant Ferran de Ses Roques in Formentera<\/figcaption>\n\t\t\t\t\t\t\t\t\t\t<\/figure>\n\t\t\t\t\t\t\t<\/div>\n\t\t\t\t<\/div>\n\t\t\t\t\t<\/div>\n\t\t\t\t<\/div>\n\t\t<div class=\"elementor-element elementor-element-821da7d e-flex e-con-boxed e-con e-parent\" data-id=\"821da7d\" data-element_type=\"container\">\n\t\t\t\t\t<div class=\"e-con-inner\">\n\t\t\t\t<div class=\"elementor-element elementor-element-c4f060b elementor-widget elementor-widget-heading\" data-id=\"c4f060b\" data-element_type=\"widget\" data-widget_type=\"heading.default\">\n\t\t\t\t<div class=\"elementor-widget-container\">\n\t\t\t<h3 class=\"elementor-heading-title elementor-size-default\">2. Fonda Pepe: Una leyenda viva<\/h3>\t\t<\/div>\n\t\t\t\t<\/div>\n\t\t\t\t\t<\/div>\n\t\t\t\t<\/div>\n\t\t<div class=\"elementor-element elementor-element-a37efd7 e-flex e-con-boxed e-con e-parent\" data-id=\"a37efd7\" data-element_type=\"container\">\n\t\t\t\t\t<div class=\"e-con-inner\">\n\t\t\t\t<div class=\"elementor-element elementor-element-946bbfb elementor-widget elementor-widget-text-editor\" data-id=\"946bbfb\" data-element_type=\"widget\" data-widget_type=\"text-editor.default\">\n\t\t\t\t<div class=\"elementor-widget-container\">\n\t\t\t\t\t\t\t<p data-start=\"840\" data-end=\"1028\"><a href=\"https:\/\/www.instagram.com\/fondapepeformentera\/?hl=en\" target=\"_blank\" rel=\"noopener\"><strong>Fonda Pepe<\/strong><\/a> es m\u00e1s que un bar: es una <strong>leyenda viva <\/strong>de<strong> Formentera<\/strong>. Inaugurado en <strong>1953<\/strong>, se convirti\u00f3 r\u00e1pidamente en el <strong>centro de la escena hippie de Formentera<\/strong> y acogi\u00f3 algunos de los acontecimientos m\u00e1s memorables de la d\u00e9cada de 1960. <\/p>\n<p data-start=\"1030\" data-end=\"1342\">Esta trattoria, que tambi\u00e9n funciona como bar y albergue, a\u00fan conserva el esp\u00edritu de aquella \u00e9poca. Bandas legendarias como <strong data-start=\"1144\" data-end=\"1158\">Pink Floyd<\/strong> y <strong data-start=\"1163\" data-end=\"1179\">King Crimson<\/strong> sol\u00edan pasar por aqu\u00ed. Algunos incluso afirman que <strong data-start=\"1224\" data-end=\"1237\">Bob Dylan<\/strong> pas\u00f3 por aqu\u00ed para tocar la guitarra, aunque es probable que se trate de una leyenda urbana inspirada por alguien que se parec\u00eda a \u00e9l.  <\/p>\n<p data-start=\"1344\" data-end=\"1608\">Hoy en d\u00eda, <strong>la Fonda<\/strong> Pepe sigue siendo un popular lugar de reuni\u00f3n. Mobiliario antiguo y <strong>fotograf\u00edas ic\u00f3nicas de los a\u00f1os 60<\/strong>, obra de <strong data-start=\"1449\" data-end=\"1499\">Reinald W\u00fcnsche <\/strong>(Berl\u00edn 1943 &#8211; Formentera 2008), capturan momentos de aquella \u00e9poca hippie, creando un registro visual de valor incalculable <strong>del patrimonio cultural de Formentera.<\/strong> <\/p>\n<p data-start=\"1610\" data-end=\"1931\">Aqu\u00ed puedes disfrutar de una <em>paella barata<\/em>, tomar <em>chupitos<\/em> en el bar o quedarte hasta tarde para una noche animada. Los sabores y el ambiente a\u00fan conservan el esp\u00edritu de los a\u00f1os 60, por lo que es <strong>un lugar que no puedes perderte<\/strong> si quieres experimentar un <strong>trozo vivo de la historia de Formentera.<\/strong> <\/p>\n\t\t\t\t\t\t<\/div>\n\t\t\t\t<\/div>\n\t\t\t\t\t<\/div>\n\t\t\t\t<\/div>\n\t\t<div class=\"elementor-element elementor-element-b9d0d30 e-flex e-con-boxed e-con e-parent\" data-id=\"b9d0d30\" data-element_type=\"container\">\n\t\t\t\t\t<div class=\"e-con-inner\">\n\t\t\t\t<div class=\"elementor-element elementor-element-def34da elementor-widget elementor-widget-image\" data-id=\"def34da\" data-element_type=\"widget\" data-widget_type=\"image.default\">\n\t\t\t\t<div class=\"elementor-widget-container\">\n\t\t\t\t\t\t\t\t\t\t<figure class=\"wp-caption\">\n\t\t\t\t\t\t\t\t\t\t<img decoding=\"async\" width=\"2560\" height=\"1653\" src=\"https:\/\/www.astburyformentera.es\/blog\/wp-content\/uploads\/2025\/09\/fonda-pepe-formentera-historic-bar-scaled.webp\" class=\"attachment-full size-full wp-image-3037\" alt=\"Fonda Pepe in San Ferran, Formentera \u2013 historic bar, trattoria, and hostel frequented by Pink Floyd and King Crimson in the 1960s hippie era\" srcset=\"https:\/\/www.astburyformentera.es\/blog\/wp-content\/uploads\/2025\/09\/fonda-pepe-formentera-historic-bar-scaled.webp 2560w, https:\/\/www.astburyformentera.es\/blog\/wp-content\/uploads\/2025\/09\/fonda-pepe-formentera-historic-bar-768x496.webp 768w, https:\/\/www.astburyformentera.es\/blog\/wp-content\/uploads\/2025\/09\/fonda-pepe-formentera-historic-bar-1536x992.webp 1536w, https:\/\/www.astburyformentera.es\/blog\/wp-content\/uploads\/2025\/09\/fonda-pepe-formentera-historic-bar-2048x1322.webp 2048w\" sizes=\"(max-width: 2560px) 100vw, 2560px\" \/>\t\t\t\t\t\t\t\t\t\t\t<figcaption class=\"widget-image-caption wp-caption-text\">Fonda Pepe, a historic bar and trattoria in San Ferran, Formentera, has been a hub of the island\u2019s 1960s hippie scene and a gathering place for legendary musicians.<\/figcaption>\n\t\t\t\t\t\t\t\t\t\t<\/figure>\n\t\t\t\t\t\t\t<\/div>\n\t\t\t\t<\/div>\n\t\t\t\t<div class=\"elementor-element elementor-element-8c9c72d elementor-widget elementor-widget-heading\" data-id=\"8c9c72d\" data-element_type=\"widget\" data-widget_type=\"heading.default\">\n\t\t\t\t<div class=\"elementor-widget-container\">\n\t\t\t<h3 class=\"elementor-heading-title elementor-size-default\">3. La conexi\u00f3n Pink Floyd\n<\/h3>\t\t<\/div>\n\t\t\t\t<\/div>\n\t\t\t\t\t<\/div>\n\t\t\t\t<\/div>\n\t\t<div class=\"elementor-element elementor-element-c36f9e8 e-flex e-con-boxed e-con e-parent\" data-id=\"c36f9e8\" data-element_type=\"container\">\n\t\t\t\t\t<div class=\"e-con-inner\">\n\t\t\t\t<div class=\"elementor-element elementor-element-0f180e7 elementor-widget elementor-widget-text-editor\" data-id=\"0f180e7\" data-element_type=\"widget\" data-widget_type=\"text-editor.default\">\n\t\t\t\t<div class=\"elementor-widget-container\">\n\t\t\t\t\t\t\t<p><span style=\"font-weight: 400;\"><strong>Sant Ferran<\/strong> tambi\u00e9n alberga <\/span><a href=\"https:\/\/formentera-guitars.com\/?fbclid=IwY2xjawNLsxhleHRuA2FlbQIxMABicmlkETFySW5EZTM1V2xjY0J3S3MwAR6TAggQwKUEDgBcF4714FG2JNoV23bw8oufOjK5BG1umn3jVdT32NVc51PPOw_aem_ZDJMbYH9fyqoU8meh-LaBw\" target=\"_blank\" rel=\"noopener\"><b>Guitarras de Formentera<\/b><\/a><span style=\"font-weight: 400;\">un taller fundado en los a\u00f1os 80 que obtuvo reconocimiento mundial por fabricar instrumentos de alta calidad. M\u00fasicos legendarios, incluidos miembros de <strong>Pink Floyd<\/strong>, han tocado guitarras y bajos fabricados aqu\u00ed mismo, convirtiendo este peque\u00f1o pueblo en un inesperado santuario para los amantes de la m\u00fasica. Una visita a <strong>Formentera Guitars<\/strong> es obligada para cualquier apasionado de la m\u00fasica -y si quieres, puedes incluso <strong>construir tu propia guitarra<\/strong> o <strong>bajo<\/strong> apunt\u00e1ndote a su popular curso de tres semanas, en el que se fabrican instrumentos conocidos por su ic\u00f3nico \u00absonido balear\u00bb.    <\/span><\/p>\n\t\t\t\t\t\t<\/div>\n\t\t\t\t<\/div>\n\t\t\t\t<div class=\"elementor-element elementor-element-2b765a5 elementor-widget elementor-widget-heading\" data-id=\"2b765a5\" data-element_type=\"widget\" data-widget_type=\"heading.default\">\n\t\t\t\t<div class=\"elementor-widget-container\">\n\t\t\t<h3 class=\"elementor-heading-title elementor-size-default\">4. Cuevas d'en Geroni: La Cueva Oculta<\/h3>\t\t<\/div>\n\t\t\t\t<\/div>\n\t\t\t\t<div class=\"elementor-element elementor-element-08f97fa elementor-widget elementor-widget-text-editor\" data-id=\"08f97fa\" data-element_type=\"widget\" data-widget_type=\"text-editor.default\">\n\t\t\t\t<div class=\"elementor-widget-container\">\n\t\t\t\t\t\t\t<p><span style=\"font-weight: 400;\">Descubiertas en 1975 al excavar un pozo, <\/span><b>Cuevas d&#8217;en Geroni<\/b><span style=\"font-weight: 400;\"> es una de <\/span><b>Formentera<\/b><span style=\"font-weight: 400;\">de Formentera <\/span><b>tesoros naturales<\/b><span style=\"font-weight: 400;\">. Se encuentra justo  <\/span><b>fuera de San Ferran<\/b><span style=\"font-weight: 400;\">en el <\/span><b>km 6,2 <\/b><span style=\"font-weight: 400;\">en la carretera hacia La Mola, se\u00f1alizado con carteles y una discreta puerta: no esperes nada llamativo, lo que aumenta su misterio.<\/span><\/p>\n<p><span style=\"font-weight: 400;\">Entra y encontrar\u00e1s <strong>estalactitas<\/strong>, <strong>estalagmitas<\/strong> y <strong>ra\u00edces de \u00e1rboles<\/strong> colgando del techo de la cueva: este mundo subterr\u00e1neo parece congelado en el tiempo.  <\/span><\/p>\n<p><span style=\"font-weight: 400;\">Una visita a la cueva es una gran <strong>alternativa a la playa<\/strong> cuando el tiempo est\u00e1 nublado. Es una experiencia aventurera y atmosf\u00e9rica que muestra <strong>un lado diferente<\/strong> de la belleza natural de <strong>Formentera<\/strong>. <\/span><\/p>\n\t\t\t\t\t\t<\/div>\n\t\t\t\t<\/div>\n\t\t\t\t\t<\/div>\n\t\t\t\t<\/div>\n\t\t<div class=\"elementor-element elementor-element-d0664f6 e-flex e-con-boxed e-con e-parent\" data-id=\"d0664f6\" data-element_type=\"container\">\n\t\t\t\t\t<div class=\"e-con-inner\">\n\t\t\t\t<div class=\"elementor-element elementor-element-7bd2850 elementor-widget elementor-widget-heading\" data-id=\"7bd2850\" data-element_type=\"widget\" data-widget_type=\"heading.default\">\n\t\t\t\t<div class=\"elementor-widget-container\">\n\t\t\t<h3 class=\"elementor-heading-title elementor-size-default\">5. La vida nocturna alternativa de Sant Ferran<\/h3>\t\t<\/div>\n\t\t\t\t<\/div>\n\t\t\t\t\t<\/div>\n\t\t\t\t<\/div>\n\t\t<div class=\"elementor-element elementor-element-699c845 e-flex e-con-boxed e-con e-parent\" data-id=\"699c845\" data-element_type=\"container\">\n\t\t\t\t\t<div class=\"e-con-inner\">\n\t\t\t\t<div class=\"elementor-element elementor-element-cfd072e elementor-widget elementor-widget-text-editor\" data-id=\"cfd072e\" data-element_type=\"widget\" data-widget_type=\"text-editor.default\">\n\t\t\t\t<div class=\"elementor-widget-container\">\n\t\t\t\t\t\t\t<p data-start=\"240\" data-end=\"903\"><strong>Las noches en Sant Ferran<\/strong> tienen un ritmo muy diferente al de <a href=\"https:\/\/www.astburyformentera.es\/blog\/guia-de-la-playa-y-el-pueblo-de-es-pujols-en-formentera\/\">Es Pujols<\/a>, el principal centro de ocio nocturno de <strong>Formentera<\/strong>, lleno de discotecas y bares. En <strong>Sant<\/strong> Ferran, la plaza y las calles cercanas cobran vida de una forma <strong>m\u00e1s relajada<\/strong> y local. Algunas noches puedes tropezarte con una banda en directo o una jam session que <strong>convierte la plaza en un punto de encuentro<\/strong> tanto para los lugare\u00f1os como para los visitantes.  <\/p>\n<p data-start=\"240\" data-end=\"903\">Si buscas una de las <strong>mejores pizzas de Formentera<\/strong>, no te pierdas <a href=\"https:\/\/macondoformentera.com\/en\/home\" target=\"_blank\" rel=\"noopener\"><strong data-start=\"556\" data-end=\"567\">Macondo<\/strong><\/a>en la calle principal de <strong>Sant Ferran<\/strong>, donde podr\u00e1s sentarte bajo un olivo. Las mesas de los restaurantes se alinean en la calle, iluminadas por luces tenues que crean un <strong>ambiente m\u00e1gico. <\/strong>  <\/p>\n<p data-start=\"240\" data-end=\"903\">Despu\u00e9s, te recomendamos que te dirijas a <a href=\"https:\/\/www.sapanxa.com\/\" target=\"_blank\" rel=\"noopener\"><strong data-start=\"780\" data-end=\"792\">Sa Panxa<\/strong><\/a> para tomar unas copas, uno de los favoritos de los lugare\u00f1os. El bar tiene un <strong>ambiente<\/strong> <strong>alternativo<\/strong> y <strong>creativo<\/strong>, con paredes decoradas con <strong>obras de arte locales \u00fanicas<\/strong> que reflejan <strong>el alma bohemia de Formentera<\/strong>. Su <strong>hermoso patio exterior<\/strong> acoge m\u00fasica en directo, animando el espacio con bailes y risas. M\u00e1s que un restaurante pijo, <strong>tiene car\u00e1cter<\/strong> y una atm\u00f3sfera genuina y m\u00e1gica, que refleja <strong>el verdadero esp\u00edritu de Formentera.<\/strong>   <\/p>\n\t\t\t\t\t\t<\/div>\n\t\t\t\t<\/div>\n\t\t\t\t\t<\/div>\n\t\t\t\t<\/div>\n\t\t<div class=\"elementor-element elementor-element-4a2f7d2 e-flex e-con-boxed e-con e-parent\" data-id=\"4a2f7d2\" data-element_type=\"container\">\n\t\t\t\t\t<div class=\"e-con-inner\">\n\t\t\t\t<div class=\"elementor-element elementor-element-6d4b9f5 elementor-widget elementor-widget-image\" data-id=\"6d4b9f5\" data-element_type=\"widget\" data-widget_type=\"image.default\">\n\t\t\t\t<div class=\"elementor-widget-container\">\n\t\t\t\t\t\t\t\t\t\t<figure class=\"wp-caption\">\n\t\t\t\t\t\t\t\t\t\t<img loading=\"lazy\" decoding=\"async\" width=\"2560\" height=\"1920\" src=\"https:\/\/www.astburyformentera.es\/blog\/wp-content\/uploads\/2025\/09\/san-ferran-formentera-live-music-sa-panxa-scaled.webp\" class=\"attachment-full size-full wp-image-3067\" alt=\"Live music performance at Sa Panxa bar in Sant Ferran de Ses Roques, Formentera, in the outdoor courtyard at night.\" srcset=\"https:\/\/www.astburyformentera.es\/blog\/wp-content\/uploads\/2025\/09\/san-ferran-formentera-live-music-sa-panxa-scaled.webp 2560w, https:\/\/www.astburyformentera.es\/blog\/wp-content\/uploads\/2025\/09\/san-ferran-formentera-live-music-sa-panxa-768x576.webp 768w, https:\/\/www.astburyformentera.es\/blog\/wp-content\/uploads\/2025\/09\/san-ferran-formentera-live-music-sa-panxa-1536x1152.webp 1536w, https:\/\/www.astburyformentera.es\/blog\/wp-content\/uploads\/2025\/09\/san-ferran-formentera-live-music-sa-panxa-2048x1536.webp 2048w\" sizes=\"(max-width: 2560px) 100vw, 2560px\" \/>\t\t\t\t\t\t\t\t\t\t\t<figcaption class=\"widget-image-caption wp-caption-text\">Live music performance at Sa Panxa, a popular bar in Sant Ferran de Ses Roques, Formentera, in its beautiful outdoor courtyard.<\/figcaption>\n\t\t\t\t\t\t\t\t\t\t<\/figure>\n\t\t\t\t\t\t\t<\/div>\n\t\t\t\t<\/div>\n\t\t\t\t\t<\/div>\n\t\t\t\t<\/div>\n\t\t\t\t<\/div>\n\t\t","protected":false},"excerpt":{"rendered":"<p>Sant Ferran de Ses Roques: Descubre el Pueblo Creativo de Formentera En el coraz\u00f3n de Formentera hay un pueblo con&#8230;<\/p>\n","protected":false},"author":2,"featured_media":3005,"comment_status":"closed","ping_status":"closed","sticky":false,"template":"","format":"standard","meta":{"footnotes":""},"categories":[80,2],"tags":[],"class_list":["post-3186","post","type-post","status-publish","format-standard","has-post-thumbnail","hentry","category-descubre-formentera-tu-guia-de-viaje","category-sin-categorizar"],"yoast_head":"<!-- This site is optimized with the Yoast SEO plugin v22.8 - https:\/\/yoast.com\/wordpress\/plugins\/seo\/ -->\n<title>Sant Ferran de Ses Roques: El Pueblo Creativo de Formentera<\/title>\n<meta name=\"description\" content=\"Descubre Sant Ferran de Ses Roques, el pueblo creativo de Formentera. Explora su historia hippie, sus mercados artesanales, su m\u00fasica en directo y sus encantadoras calles. Vive Formentera m\u00e1s all\u00e1 de las playas.\" \/>\n<meta name=\"robots\" content=\"index, follow, max-snippet:-1, max-image-preview:large, max-video-preview:-1\" \/>\n<link rel=\"canonical\" href=\"https:\/\/www.astburyformentera.es\/blog\/sant-ferran-de-ses-roques-descubre-el-pueblo-creativo-de-formentera\/\" \/>\n<meta property=\"og:locale\" content=\"es_ES\" \/>\n<meta property=\"og:type\" content=\"article\" \/>\n<meta property=\"og:title\" content=\"Sant Ferran de Ses Roques: El Pueblo Creativo de Formentera\" \/>\n<meta property=\"og:description\" content=\"Descubre Sant Ferran de Ses Roques, el pueblo creativo de Formentera. Explora su historia hippie, sus mercados artesanales, su m\u00fasica en directo y sus encantadoras calles. Vive Formentera m\u00e1s all\u00e1 de las playas.\" \/>\n<meta property=\"og:url\" content=\"https:\/\/www.astburyformentera.es\/blog\/sant-ferran-de-ses-roques-descubre-el-pueblo-creativo-de-formentera\/\" \/>\n<meta property=\"og:site_name\" content=\"Island Life\" \/>\n<meta property=\"article:publisher\" content=\"https:\/\/www.facebook.com\/formentera.astbury\/\" \/>\n<meta property=\"article:published_time\" content=\"2025-09-25T13:25:27+00:00\" \/>\n<meta property=\"article:modified_time\" content=\"2025-12-09T11:41:29+00:00\" \/>\n<meta property=\"og:image\" content=\"https:\/\/www.astburyformentera.es\/blog\/wp-content\/uploads\/2025\/09\/sant-ferran-de-ses-roques-formentera-scaled.webp\" \/>\n\t<meta property=\"og:image:width\" content=\"2560\" \/>\n\t<meta property=\"og:image:height\" content=\"2091\" \/>\n\t<meta property=\"og:image:type\" content=\"image\/webp\" \/>\n<meta name=\"author\" content=\"astburyformentera\" \/>\n<meta name=\"twitter:card\" content=\"summary_large_image\" \/>\n<meta name=\"twitter:label1\" content=\"Escrito por\" \/>\n\t<meta name=\"twitter:data1\" content=\"astburyformentera\" \/>\n\t<meta name=\"twitter:label2\" content=\"Tiempo de lectura\" \/>\n\t<meta name=\"twitter:data2\" content=\"5 minutos\" \/>\n<script type=\"application\/ld+json\" class=\"yoast-schema-graph\">{\"@context\":\"https:\/\/schema.org\",\"@graph\":[{\"@type\":\"Article\",\"@id\":\"https:\/\/www.astburyformentera.es\/blog\/sant-ferran-de-ses-roques-descubre-el-pueblo-creativo-de-formentera\/#article\",\"isPartOf\":{\"@id\":\"https:\/\/www.astburyformentera.es\/blog\/sant-ferran-de-ses-roques-descubre-el-pueblo-creativo-de-formentera\/\"},\"author\":{\"name\":\"astburyformentera\",\"@id\":\"https:\/\/www.astburyformentera.es\/blog\/#\/schema\/person\/3b7960663a62d882614d380312b77245\"},\"headline\":\"Sant Ferran de Ses Roques: Descubre el Pueblo Creativo de Formentera\",\"datePublished\":\"2025-09-25T13:25:27+00:00\",\"dateModified\":\"2025-12-09T11:41:29+00:00\",\"mainEntityOfPage\":{\"@id\":\"https:\/\/www.astburyformentera.es\/blog\/sant-ferran-de-ses-roques-descubre-el-pueblo-creativo-de-formentera\/\"},\"wordCount\":1038,\"publisher\":{\"@id\":\"https:\/\/www.astburyformentera.es\/blog\/#organization\"},\"image\":{\"@id\":\"https:\/\/www.astburyformentera.es\/blog\/sant-ferran-de-ses-roques-descubre-el-pueblo-creativo-de-formentera\/#primaryimage\"},\"thumbnailUrl\":\"https:\/\/www.astburyformentera.es\/blog\/wp-content\/uploads\/2025\/09\/sant-ferran-de-ses-roques-formentera-scaled.webp\",\"articleSection\":[\"Descubre Formentera: Tu gu\u00eda de viaje\",\"Sin categorizar\"],\"inLanguage\":\"es\"},{\"@type\":\"WebPage\",\"@id\":\"https:\/\/www.astburyformentera.es\/blog\/sant-ferran-de-ses-roques-descubre-el-pueblo-creativo-de-formentera\/\",\"url\":\"https:\/\/www.astburyformentera.es\/blog\/sant-ferran-de-ses-roques-descubre-el-pueblo-creativo-de-formentera\/\",\"name\":\"Sant Ferran de Ses Roques: El Pueblo Creativo de Formentera\",\"isPartOf\":{\"@id\":\"https:\/\/www.astburyformentera.es\/blog\/#website\"},\"primaryImageOfPage\":{\"@id\":\"https:\/\/www.astburyformentera.es\/blog\/sant-ferran-de-ses-roques-descubre-el-pueblo-creativo-de-formentera\/#primaryimage\"},\"image\":{\"@id\":\"https:\/\/www.astburyformentera.es\/blog\/sant-ferran-de-ses-roques-descubre-el-pueblo-creativo-de-formentera\/#primaryimage\"},\"thumbnailUrl\":\"https:\/\/www.astburyformentera.es\/blog\/wp-content\/uploads\/2025\/09\/sant-ferran-de-ses-roques-formentera-scaled.webp\",\"datePublished\":\"2025-09-25T13:25:27+00:00\",\"dateModified\":\"2025-12-09T11:41:29+00:00\",\"description\":\"Descubre Sant Ferran de Ses Roques, el pueblo creativo de Formentera. Explora su historia hippie, sus mercados artesanales, su m\u00fasica en directo y sus encantadoras calles. Vive Formentera m\u00e1s all\u00e1 de las playas.\",\"breadcrumb\":{\"@id\":\"https:\/\/www.astburyformentera.es\/blog\/sant-ferran-de-ses-roques-descubre-el-pueblo-creativo-de-formentera\/#breadcrumb\"},\"inLanguage\":\"es\",\"potentialAction\":[{\"@type\":\"ReadAction\",\"target\":[\"https:\/\/www.astburyformentera.es\/blog\/sant-ferran-de-ses-roques-descubre-el-pueblo-creativo-de-formentera\/\"]}]},{\"@type\":\"ImageObject\",\"inLanguage\":\"es\",\"@id\":\"https:\/\/www.astburyformentera.es\/blog\/sant-ferran-de-ses-roques-descubre-el-pueblo-creativo-de-formentera\/#primaryimage\",\"url\":\"https:\/\/www.astburyformentera.es\/blog\/wp-content\/uploads\/2025\/09\/sant-ferran-de-ses-roques-formentera-scaled.webp\",\"contentUrl\":\"https:\/\/www.astburyformentera.es\/blog\/wp-content\/uploads\/2025\/09\/sant-ferran-de-ses-roques-formentera-scaled.webp\",\"width\":2560,\"height\":2091,\"caption\":\"La piazza centrale di Sant Ferran con la sua chiesa, cuore autentico e boh\u00e9mien di Formentera.\"},{\"@type\":\"BreadcrumbList\",\"@id\":\"https:\/\/www.astburyformentera.es\/blog\/sant-ferran-de-ses-roques-descubre-el-pueblo-creativo-de-formentera\/#breadcrumb\",\"itemListElement\":[{\"@type\":\"ListItem\",\"position\":1,\"name\":\"Home\",\"item\":\"https:\/\/www.astburyformentera.es\/blog\/\"},{\"@type\":\"ListItem\",\"position\":2,\"name\":\"Sant Ferran de Ses Roques: Descubre el Pueblo Creativo de Formentera\"}]},{\"@type\":\"WebSite\",\"@id\":\"https:\/\/www.astburyformentera.es\/blog\/#website\",\"url\":\"https:\/\/www.astburyformentera.es\/blog\/\",\"name\":\"Island Life\",\"description\":\"Astbury Formentera\",\"publisher\":{\"@id\":\"https:\/\/www.astburyformentera.es\/blog\/#organization\"},\"potentialAction\":[{\"@type\":\"SearchAction\",\"target\":{\"@type\":\"EntryPoint\",\"urlTemplate\":\"https:\/\/www.astburyformentera.es\/blog\/?s={search_term_string}\"},\"query-input\":\"required name=search_term_string\"}],\"inLanguage\":\"es\"},{\"@type\":\"Organization\",\"@id\":\"https:\/\/www.astburyformentera.es\/blog\/#organization\",\"name\":\"Astbury Formentera\",\"url\":\"https:\/\/www.astburyformentera.es\/blog\/\",\"logo\":{\"@type\":\"ImageObject\",\"inLanguage\":\"es\",\"@id\":\"https:\/\/www.astburyformentera.es\/blog\/#\/schema\/logo\/image\/\",\"url\":\"https:\/\/www.astburyformentera.es\/blog\/wp-content\/uploads\/2024\/06\/Astbury_Main_Logo.jpg\",\"contentUrl\":\"https:\/\/www.astburyformentera.es\/blog\/wp-content\/uploads\/2024\/06\/Astbury_Main_Logo.jpg\",\"width\":591,\"height\":794,\"caption\":\"Astbury Formentera\"},\"image\":{\"@id\":\"https:\/\/www.astburyformentera.es\/blog\/#\/schema\/logo\/image\/\"},\"sameAs\":[\"https:\/\/www.facebook.com\/formentera.astbury\/\",\"https:\/\/www.instagram.com\/astburyformentera\/\"]},{\"@type\":\"Person\",\"@id\":\"https:\/\/www.astburyformentera.es\/blog\/#\/schema\/person\/3b7960663a62d882614d380312b77245\",\"name\":\"astburyformentera\",\"image\":{\"@type\":\"ImageObject\",\"inLanguage\":\"es\",\"@id\":\"https:\/\/www.astburyformentera.es\/blog\/#\/schema\/person\/image\/\",\"url\":\"https:\/\/secure.gravatar.com\/avatar\/e7a2190fae75b01f080821e9e7053a7d131f6f71b9d3654542a5a42f29c8a000?s=96&d=mm&r=g\",\"contentUrl\":\"https:\/\/secure.gravatar.com\/avatar\/e7a2190fae75b01f080821e9e7053a7d131f6f71b9d3654542a5a42f29c8a000?s=96&d=mm&r=g\",\"caption\":\"astburyformentera\"},\"url\":\"https:\/\/www.astburyformentera.es\/blog\/author\/astburyformentera\/\"}]}<\/script>\n<!-- \/ Yoast SEO plugin. -->","yoast_head_json":{"title":"Sant Ferran de Ses Roques: El Pueblo Creativo de Formentera","description":"Descubre Sant Ferran de Ses Roques, el pueblo creativo de Formentera. Explora su historia hippie, sus mercados artesanales, su m\u00fasica en directo y sus encantadoras calles. Vive Formentera m\u00e1s all\u00e1 de las playas.","robots":{"index":"index","follow":"follow","max-snippet":"max-snippet:-1","max-image-preview":"max-image-preview:large","max-video-preview":"max-video-preview:-1"},"canonical":"https:\/\/www.astburyformentera.es\/blog\/sant-ferran-de-ses-roques-descubre-el-pueblo-creativo-de-formentera\/","og_locale":"es_ES","og_type":"article","og_title":"Sant Ferran de Ses Roques: El Pueblo Creativo de Formentera","og_description":"Descubre Sant Ferran de Ses Roques, el pueblo creativo de Formentera. Explora su historia hippie, sus mercados artesanales, su m\u00fasica en directo y sus encantadoras calles. Vive Formentera m\u00e1s all\u00e1 de las playas.","og_url":"https:\/\/www.astburyformentera.es\/blog\/sant-ferran-de-ses-roques-descubre-el-pueblo-creativo-de-formentera\/","og_site_name":"Island Life","article_publisher":"https:\/\/www.facebook.com\/formentera.astbury\/","article_published_time":"2025-09-25T13:25:27+00:00","article_modified_time":"2025-12-09T11:41:29+00:00","og_image":[{"width":2560,"height":2091,"url":"https:\/\/www.astburyformentera.es\/blog\/wp-content\/uploads\/2025\/09\/sant-ferran-de-ses-roques-formentera-scaled.webp","type":"image\/webp"}],"author":"astburyformentera","twitter_card":"summary_large_image","twitter_misc":{"Escrito por":"astburyformentera","Tiempo de lectura":"5 minutos"},"schema":{"@context":"https:\/\/schema.org","@graph":[{"@type":"Article","@id":"https:\/\/www.astburyformentera.es\/blog\/sant-ferran-de-ses-roques-descubre-el-pueblo-creativo-de-formentera\/#article","isPartOf":{"@id":"https:\/\/www.astburyformentera.es\/blog\/sant-ferran-de-ses-roques-descubre-el-pueblo-creativo-de-formentera\/"},"author":{"name":"astburyformentera","@id":"https:\/\/www.astburyformentera.es\/blog\/#\/schema\/person\/3b7960663a62d882614d380312b77245"},"headline":"Sant Ferran de Ses Roques: Descubre el Pueblo Creativo de Formentera","datePublished":"2025-09-25T13:25:27+00:00","dateModified":"2025-12-09T11:41:29+00:00","mainEntityOfPage":{"@id":"https:\/\/www.astburyformentera.es\/blog\/sant-ferran-de-ses-roques-descubre-el-pueblo-creativo-de-formentera\/"},"wordCount":1038,"publisher":{"@id":"https:\/\/www.astburyformentera.es\/blog\/#organization"},"image":{"@id":"https:\/\/www.astburyformentera.es\/blog\/sant-ferran-de-ses-roques-descubre-el-pueblo-creativo-de-formentera\/#primaryimage"},"thumbnailUrl":"https:\/\/www.astburyformentera.es\/blog\/wp-content\/uploads\/2025\/09\/sant-ferran-de-ses-roques-formentera-scaled.webp","articleSection":["Descubre Formentera: Tu gu\u00eda de viaje","Sin categorizar"],"inLanguage":"es"},{"@type":"WebPage","@id":"https:\/\/www.astburyformentera.es\/blog\/sant-ferran-de-ses-roques-descubre-el-pueblo-creativo-de-formentera\/","url":"https:\/\/www.astburyformentera.es\/blog\/sant-ferran-de-ses-roques-descubre-el-pueblo-creativo-de-formentera\/","name":"Sant Ferran de Ses Roques: El Pueblo Creativo de Formentera","isPartOf":{"@id":"https:\/\/www.astburyformentera.es\/blog\/#website"},"primaryImageOfPage":{"@id":"https:\/\/www.astburyformentera.es\/blog\/sant-ferran-de-ses-roques-descubre-el-pueblo-creativo-de-formentera\/#primaryimage"},"image":{"@id":"https:\/\/www.astburyformentera.es\/blog\/sant-ferran-de-ses-roques-descubre-el-pueblo-creativo-de-formentera\/#primaryimage"},"thumbnailUrl":"https:\/\/www.astburyformentera.es\/blog\/wp-content\/uploads\/2025\/09\/sant-ferran-de-ses-roques-formentera-scaled.webp","datePublished":"2025-09-25T13:25:27+00:00","dateModified":"2025-12-09T11:41:29+00:00","description":"Descubre Sant Ferran de Ses Roques, el pueblo creativo de Formentera. Explora su historia hippie, sus mercados artesanales, su m\u00fasica en directo y sus encantadoras calles. Vive Formentera m\u00e1s all\u00e1 de las playas.","breadcrumb":{"@id":"https:\/\/www.astburyformentera.es\/blog\/sant-ferran-de-ses-roques-descubre-el-pueblo-creativo-de-formentera\/#breadcrumb"},"inLanguage":"es","potentialAction":[{"@type":"ReadAction","target":["https:\/\/www.astburyformentera.es\/blog\/sant-ferran-de-ses-roques-descubre-el-pueblo-creativo-de-formentera\/"]}]},{"@type":"ImageObject","inLanguage":"es","@id":"https:\/\/www.astburyformentera.es\/blog\/sant-ferran-de-ses-roques-descubre-el-pueblo-creativo-de-formentera\/#primaryimage","url":"https:\/\/www.astburyformentera.es\/blog\/wp-content\/uploads\/2025\/09\/sant-ferran-de-ses-roques-formentera-scaled.webp","contentUrl":"https:\/\/www.astburyformentera.es\/blog\/wp-content\/uploads\/2025\/09\/sant-ferran-de-ses-roques-formentera-scaled.webp","width":2560,"height":2091,"caption":"La piazza centrale di Sant Ferran con la sua chiesa, cuore autentico e boh\u00e9mien di Formentera."},{"@type":"BreadcrumbList","@id":"https:\/\/www.astburyformentera.es\/blog\/sant-ferran-de-ses-roques-descubre-el-pueblo-creativo-de-formentera\/#breadcrumb","itemListElement":[{"@type":"ListItem","position":1,"name":"Home","item":"https:\/\/www.astburyformentera.es\/blog\/"},{"@type":"ListItem","position":2,"name":"Sant Ferran de Ses Roques: Descubre el Pueblo Creativo de Formentera"}]},{"@type":"WebSite","@id":"https:\/\/www.astburyformentera.es\/blog\/#website","url":"https:\/\/www.astburyformentera.es\/blog\/","name":"Island Life","description":"Astbury Formentera","publisher":{"@id":"https:\/\/www.astburyformentera.es\/blog\/#organization"},"potentialAction":[{"@type":"SearchAction","target":{"@type":"EntryPoint","urlTemplate":"https:\/\/www.astburyformentera.es\/blog\/?s={search_term_string}"},"query-input":"required name=search_term_string"}],"inLanguage":"es"},{"@type":"Organization","@id":"https:\/\/www.astburyformentera.es\/blog\/#organization","name":"Astbury Formentera","url":"https:\/\/www.astburyformentera.es\/blog\/","logo":{"@type":"ImageObject","inLanguage":"es","@id":"https:\/\/www.astburyformentera.es\/blog\/#\/schema\/logo\/image\/","url":"https:\/\/www.astburyformentera.es\/blog\/wp-content\/uploads\/2024\/06\/Astbury_Main_Logo.jpg","contentUrl":"https:\/\/www.astburyformentera.es\/blog\/wp-content\/uploads\/2024\/06\/Astbury_Main_Logo.jpg","width":591,"height":794,"caption":"Astbury Formentera"},"image":{"@id":"https:\/\/www.astburyformentera.es\/blog\/#\/schema\/logo\/image\/"},"sameAs":["https:\/\/www.facebook.com\/formentera.astbury\/","https:\/\/www.instagram.com\/astburyformentera\/"]},{"@type":"Person","@id":"https:\/\/www.astburyformentera.es\/blog\/#\/schema\/person\/3b7960663a62d882614d380312b77245","name":"astburyformentera","image":{"@type":"ImageObject","inLanguage":"es","@id":"https:\/\/www.astburyformentera.es\/blog\/#\/schema\/person\/image\/","url":"https:\/\/secure.gravatar.com\/avatar\/e7a2190fae75b01f080821e9e7053a7d131f6f71b9d3654542a5a42f29c8a000?s=96&d=mm&r=g","contentUrl":"https:\/\/secure.gravatar.com\/avatar\/e7a2190fae75b01f080821e9e7053a7d131f6f71b9d3654542a5a42f29c8a000?s=96&d=mm&r=g","caption":"astburyformentera"},"url":"https:\/\/www.astburyformentera.es\/blog\/author\/astburyformentera\/"}]}},"_links":{"self":[{"href":"https:\/\/www.astburyformentera.es\/blog\/wp-json\/wp\/v2\/posts\/3186","targetHints":{"allow":["GET"]}}],"collection":[{"href":"https:\/\/www.astburyformentera.es\/blog\/wp-json\/wp\/v2\/posts"}],"about":[{"href":"https:\/\/www.astburyformentera.es\/blog\/wp-json\/wp\/v2\/types\/post"}],"author":[{"embeddable":true,"href":"https:\/\/www.astburyformentera.es\/blog\/wp-json\/wp\/v2\/users\/2"}],"replies":[{"embeddable":true,"href":"https:\/\/www.astburyformentera.es\/blog\/wp-json\/wp\/v2\/comments?post=3186"}],"version-history":[{"count":2,"href":"https:\/\/www.astburyformentera.es\/blog\/wp-json\/wp\/v2\/posts\/3186\/revisions"}],"predecessor-version":[{"id":3189,"href":"https:\/\/www.astburyformentera.es\/blog\/wp-json\/wp\/v2\/posts\/3186\/revisions\/3189"}],"wp:featuredmedia":[{"embeddable":true,"href":"https:\/\/www.astburyformentera.es\/blog\/wp-json\/wp\/v2\/media\/3005"}],"wp:attachment":[{"href":"https:\/\/www.astburyformentera.es\/blog\/wp-json\/wp\/v2\/media?parent=3186"}],"wp:term":[{"taxonomy":"category","embeddable":true,"href":"https:\/\/www.astburyformentera.es\/blog\/wp-json\/wp\/v2\/categories?post=3186"},{"taxonomy":"post_tag","embeddable":true,"href":"https:\/\/www.astburyformentera.es\/blog\/wp-json\/wp\/v2\/tags?post=3186"}],"curies":[{"name":"wp","href":"https:\/\/api.w.org\/{rel}","templated":true}]}}