
{"id":2758,"date":"2025-08-29T16:42:12","date_gmt":"2025-08-29T16:42:12","guid":{"rendered":"https:\/\/www.astburyformentera.co.uk\/blog\/calo-des-mort\/"},"modified":"2025-09-01T13:58:56","modified_gmt":"2025-09-01T13:58:56","slug":"calo-des-mort","status":"publish","type":"post","link":"https:\/\/www.astburyformentera.es\/blog\/calo-des-mort\/","title":{"rendered":"Cal\u00f3 Des Mort"},"content":{"rendered":"\t\t<div data-elementor-type=\"wp-post\" data-elementor-id=\"2758\" class=\"elementor elementor-2758 elementor-2727\">\n\t\t\t\t<div class=\"elementor-element elementor-element-140944a2 e-flex e-con-boxed e-con e-parent\" data-id=\"140944a2\" data-element_type=\"container\">\n\t\t\t\t\t<div class=\"e-con-inner\">\n\t\t\t\t<div class=\"elementor-element elementor-element-3df2c7b5 elementor-widget elementor-widget-text-editor\" data-id=\"3df2c7b5\" data-element_type=\"widget\" data-widget_type=\"text-editor.default\">\n\t\t\t\t<div class=\"elementor-widget-container\">\n\t\t\t<style>\/*! elementor - v3.23.0 - 15-07-2024 *\/\n.elementor-widget-text-editor.elementor-drop-cap-view-stacked .elementor-drop-cap{background-color:#69727d;color:#fff}.elementor-widget-text-editor.elementor-drop-cap-view-framed .elementor-drop-cap{color:#69727d;border:3px solid;background-color:transparent}.elementor-widget-text-editor:not(.elementor-drop-cap-view-default) .elementor-drop-cap{margin-top:8px}.elementor-widget-text-editor:not(.elementor-drop-cap-view-default) .elementor-drop-cap-letter{width:1em;height:1em}.elementor-widget-text-editor .elementor-drop-cap{float:left;text-align:center;line-height:1;font-size:50px}.elementor-widget-text-editor .elementor-drop-cap-letter{display:inline-block}<\/style>\t\t\t\t<h1>Cal\u00f3 des Mort, un peque\u00f1o tesoro de Formentera<\/h1><\/p>\n\t\t\t\t\t\t<\/div>\n\t\t\t\t<\/div>\n\t\t\t\t\t<\/div>\n\t\t\t\t<\/div>\n\t\t<div class=\"elementor-element elementor-element-892b687 e-flex e-con-boxed e-con e-parent\" data-id=\"892b687\" data-element_type=\"container\">\n\t\t\t\t\t<div class=\"e-con-inner\">\n\t\t\t\t<div class=\"elementor-element elementor-element-17ec67f elementor-widget elementor-widget-image\" data-id=\"17ec67f\" data-element_type=\"widget\" data-widget_type=\"image.default\">\n\t\t\t\t<div class=\"elementor-widget-container\">\n\t\t\t<style>\/*! elementor - v3.23.0 - 15-07-2024 *\/\n.elementor-widget-image{text-align:center}.elementor-widget-image a{display:inline-block}.elementor-widget-image a img[src$=\".svg\"]{width:48px}.elementor-widget-image img{vertical-align:middle;display:inline-block}<\/style>\t\t\t\t\t\t\t<figure class=\"wp-caption\">\n\t\t\t\t\t\t\t\t\t\t<img fetchpriority=\"high\" decoding=\"async\" width=\"2560\" height=\"1920\" src=\"https:\/\/www.astburyformentera.es\/blog\/wp-content\/uploads\/2025\/08\/calo-des-mort-formentera-beach-1-scaled.webp\" class=\"attachment-full size-full wp-image-2742\" alt=\"Cal\u00f3 des Mort, hidden cove in Formentera with reddish rocks and turquoise water under clear skies.\" srcset=\"https:\/\/www.astburyformentera.es\/blog\/wp-content\/uploads\/2025\/08\/calo-des-mort-formentera-beach-1-scaled.webp 2560w, https:\/\/www.astburyformentera.es\/blog\/wp-content\/uploads\/2025\/08\/calo-des-mort-formentera-beach-1-768x576.webp 768w, https:\/\/www.astburyformentera.es\/blog\/wp-content\/uploads\/2025\/08\/calo-des-mort-formentera-beach-1-1536x1152.webp 1536w, https:\/\/www.astburyformentera.es\/blog\/wp-content\/uploads\/2025\/08\/calo-des-mort-formentera-beach-1-2048x1536.webp 2048w\" sizes=\"(max-width: 2560px) 100vw, 2560px\" \/>\t\t\t\t\t\t\t\t\t\t\t<figcaption class=\"widget-image-caption wp-caption-text\">Cal\u00f3 des Mort beach, Formentera<\/figcaption>\n\t\t\t\t\t\t\t\t\t\t<\/figure>\n\t\t\t\t\t\t\t<\/div>\n\t\t\t\t<\/div>\n\t\t\t\t\t<\/div>\n\t\t\t\t<\/div>\n\t\t<div class=\"elementor-element elementor-element-5e2c121 e-flex e-con-boxed e-con e-parent\" data-id=\"5e2c121\" data-element_type=\"container\">\n\t\t\t\t\t<div class=\"e-con-inner\">\n\t\t\t\t<div class=\"elementor-element elementor-element-3f7e4c2 elementor-widget elementor-widget-text-editor\" data-id=\"3f7e4c2\" data-element_type=\"widget\" data-widget_type=\"text-editor.default\">\n\t\t\t\t<div class=\"elementor-widget-container\">\n\t\t\t\t\t\t\t<p><strong>Cal\u00f3 Des Mort<\/strong> est\u00e1 en la parte m\u00e1s oriental de <strong>la playa de Migjorn<\/strong> y es una de las playas m\u00e1s queridas de Formentera. Es una playa diminuta de apenas 20 metros de largo por 5 de ancho, situada unos metros por debajo de los acantilados de arenisca t\u00edpicos de esta zona de <strong>Migjorn<\/strong>. Esta <strong>espectacular cala<\/strong> es muy peque\u00f1a y est\u00e1 algo escondida, pero eso no disuade a la gente de visitarla. Las rocas rojizas y el mar, rico en tonalidades que van del azul intenso al turquesa, hacen de este tramo de costa una verdadera joya de la naturaleza. La vista ya parece un regalo para los ojos y el alma.    <\/p>\n<p>Se rumorea que <strong>Cal\u00f3 Des Mort<\/strong> fue anta\u00f1o refugio de piratas y sus tesoros, y esta leyenda a\u00f1ade m\u00e1s magia a esta hermosa cala, convirti\u00e9ndola en <strong>una visita obligada de Formentera<\/strong>.<\/p>\n<h2>Consejos para visitar el Cal\u00f3 des Mort:<\/h2>\n<ul>\n<li data-start=\"1329\" data-end=\"1468\">\n<p data-start=\"1331\" data-end=\"1468\"><strong data-start=\"1331\" data-end=\"1351\">La mejor hora para ir:<\/strong> a primera hora de la ma\u00f1ana o a \u00faltima hora de la tarde. A esas horas la luz es preciosa y la playa est\u00e1 m\u00e1s tranquila. <\/p>\n<\/li>\n<li data-start=\"1469\" data-end=\"1613\">\n<p data-start=\"1471\" data-end=\"1613\"><strong data-start=\"1471\" data-end=\"1491\">C\u00f3mo llegar:<\/strong> sigue la carretera hasta la playa de Migjorn y luego toma el peque\u00f1o sendero que desciende por los acantilados. El descenso es f\u00e1cil, pero lleva buen calzado. <\/p>\n<\/li>\n<li style=\"font-weight: 400;\" aria-level=\"1\"><b>Idea para despu\u00e9s de la visita:<\/b><span style=\"font-weight: 400;\"> Termina el d\u00eda visitando <\/span><b>Chiringuito Bartolo<\/b><span style=\"font-weight: 400;\">a pocos minutos a pie de <strong>Calo&#8217; des Mort.<\/strong> Se encuentra justo en las rocas, casi al borde del agua. T\u00f3mate un c\u00f3ctel, siente la brisa y contempla c\u00f3mo el mar resplandece con los colores <strong>del atardecer<\/strong> mientras suena de fondo la banda sonora perfecta.   <\/span><span style=\"font-weight: 400;\"><br \/><\/span><\/li>\n<\/ul>\n\t\t\t\t\t\t<\/div>\n\t\t\t\t<\/div>\n\t\t\t\t\t<\/div>\n\t\t\t\t<\/div>\n\t\t<div class=\"elementor-element elementor-element-c65491e e-flex e-con-boxed e-con e-parent\" data-id=\"c65491e\" data-element_type=\"container\">\n\t\t\t\t\t<div class=\"e-con-inner\">\n\t\t\t\t<div class=\"elementor-element elementor-element-3e1aa62 elementor-widget elementor-widget-image\" data-id=\"3e1aa62\" data-element_type=\"widget\" data-widget_type=\"image.default\">\n\t\t\t\t<div class=\"elementor-widget-container\">\n\t\t\t\t\t\t\t\t\t\t<figure class=\"wp-caption\">\n\t\t\t\t\t\t\t\t\t\t<img decoding=\"async\" width=\"2560\" height=\"2035\" src=\"https:\/\/www.astburyformentera.es\/blog\/wp-content\/uploads\/2025\/08\/chiringuito-bartolo-at-sunset-formentera-scaled.webp\" class=\"attachment-full size-full wp-image-2748\" alt=\"Chiringuito Bartolo, a bar on the rocks in Formentera with sunset colours reflecting on the sea.\" srcset=\"https:\/\/www.astburyformentera.es\/blog\/wp-content\/uploads\/2025\/08\/chiringuito-bartolo-at-sunset-formentera-scaled.webp 2560w, https:\/\/www.astburyformentera.es\/blog\/wp-content\/uploads\/2025\/08\/chiringuito-bartolo-at-sunset-formentera-768x610.webp 768w, https:\/\/www.astburyformentera.es\/blog\/wp-content\/uploads\/2025\/08\/chiringuito-bartolo-at-sunset-formentera-1536x1221.webp 1536w, https:\/\/www.astburyformentera.es\/blog\/wp-content\/uploads\/2025\/08\/chiringuito-bartolo-at-sunset-formentera-2048x1628.webp 2048w\" sizes=\"(max-width: 2560px) 100vw, 2560px\" \/>\t\t\t\t\t\t\t\t\t\t\t<figcaption class=\"widget-image-caption wp-caption-text\">Chiringuito Bartolo in Formentera, as the sun sets over the turquoise sea.<\/figcaption>\n\t\t\t\t\t\t\t\t\t\t<\/figure>\n\t\t\t\t\t\t\t<\/div>\n\t\t\t\t<\/div>\n\t\t\t\t\t<\/div>\n\t\t\t\t<\/div>\n\t\t\t\t<\/div>\n\t\t","protected":false},"excerpt":{"rendered":"<p>Cal\u00f3 des Mort, un peque\u00f1o tesoro de Formentera Cal\u00f3 des Mort beach, Formentera Cal\u00f3 Des Mort est\u00e1 en la parte&#8230;<\/p>\n","protected":false},"author":2,"featured_media":2742,"comment_status":"closed","ping_status":"closed","sticky":false,"template":"","format":"standard","meta":{"footnotes":""},"categories":[82,40,2],"tags":[],"class_list":["post-2758","post","type-post","status-publish","format-standard","has-post-thumbnail","hentry","category-consejos-e-informacion-de-viaje-a-formentera","category-playas-de-formentera","category-sin-categorizar"],"yoast_head":"<!-- This site is optimized with the Yoast SEO plugin v22.8 - https:\/\/yoast.com\/wordpress\/plugins\/seo\/ -->\n<title>Playa Calo&#039; des Mort - Astbury Formentera<\/title>\n<meta name=\"description\" content=\"Descubre todo lo que necesitas saber sobre Cal\u00f3 des Mort, una cala escondida de Formentera, y el cercano Chiringuito Bartolo, donde podr\u00e1s disfrutar de c\u00f3cteles con m\u00e1gicas vistas de la puesta de sol.\" \/>\n<meta name=\"robots\" content=\"index, follow, max-snippet:-1, max-image-preview:large, max-video-preview:-1\" \/>\n<link rel=\"canonical\" href=\"https:\/\/www.astburyformentera.es\/blog\/calo-des-mort\/\" \/>\n<meta property=\"og:locale\" content=\"es_ES\" \/>\n<meta property=\"og:type\" content=\"article\" \/>\n<meta property=\"og:title\" content=\"Playa Calo&#039; des Mort - Astbury Formentera\" \/>\n<meta property=\"og:description\" content=\"Descubre todo lo que necesitas saber sobre Cal\u00f3 des Mort, una cala escondida de Formentera, y el cercano Chiringuito Bartolo, donde podr\u00e1s disfrutar de c\u00f3cteles con m\u00e1gicas vistas de la puesta de sol.\" \/>\n<meta property=\"og:url\" content=\"https:\/\/www.astburyformentera.es\/blog\/calo-des-mort\/\" \/>\n<meta property=\"og:site_name\" content=\"Island Life\" \/>\n<meta property=\"article:publisher\" content=\"https:\/\/www.facebook.com\/formentera.astbury\/\" \/>\n<meta property=\"article:published_time\" content=\"2025-08-29T16:42:12+00:00\" \/>\n<meta property=\"article:modified_time\" content=\"2025-09-01T13:58:56+00:00\" \/>\n<meta property=\"og:image\" content=\"https:\/\/www.astburyformentera.es\/blog\/wp-content\/uploads\/2025\/08\/calo-des-mort-formentera-beach-1-scaled.webp\" \/>\n\t<meta property=\"og:image:width\" content=\"2560\" \/>\n\t<meta property=\"og:image:height\" content=\"1920\" \/>\n\t<meta property=\"og:image:type\" content=\"image\/webp\" \/>\n<meta name=\"author\" content=\"astburyformentera\" \/>\n<meta name=\"twitter:card\" content=\"summary_large_image\" \/>\n<meta name=\"twitter:label1\" content=\"Escrito por\" \/>\n\t<meta name=\"twitter:data1\" content=\"astburyformentera\" \/>\n\t<meta name=\"twitter:label2\" content=\"Tiempo de lectura\" \/>\n\t<meta name=\"twitter:data2\" content=\"2 minutos\" \/>\n<script type=\"application\/ld+json\" class=\"yoast-schema-graph\">{\"@context\":\"https:\/\/schema.org\",\"@graph\":[{\"@type\":\"Article\",\"@id\":\"https:\/\/www.astburyformentera.es\/blog\/calo-des-mort\/#article\",\"isPartOf\":{\"@id\":\"https:\/\/www.astburyformentera.es\/blog\/calo-des-mort\/\"},\"author\":{\"name\":\"astburyformentera\",\"@id\":\"https:\/\/www.astburyformentera.es\/blog\/#\/schema\/person\/3b7960663a62d882614d380312b77245\"},\"headline\":\"Cal\u00f3 Des Mort\",\"datePublished\":\"2025-08-29T16:42:12+00:00\",\"dateModified\":\"2025-09-01T13:58:56+00:00\",\"mainEntityOfPage\":{\"@id\":\"https:\/\/www.astburyformentera.es\/blog\/calo-des-mort\/\"},\"wordCount\":315,\"publisher\":{\"@id\":\"https:\/\/www.astburyformentera.es\/blog\/#organization\"},\"image\":{\"@id\":\"https:\/\/www.astburyformentera.es\/blog\/calo-des-mort\/#primaryimage\"},\"thumbnailUrl\":\"https:\/\/www.astburyformentera.es\/blog\/wp-content\/uploads\/2025\/08\/calo-des-mort-formentera-beach-1-scaled.webp\",\"articleSection\":[\"Consejos e informaci\u00f3n de viaje a Formentera\",\"Playas de Formentera\",\"Sin categorizar\"],\"inLanguage\":\"es\"},{\"@type\":\"WebPage\",\"@id\":\"https:\/\/www.astburyformentera.es\/blog\/calo-des-mort\/\",\"url\":\"https:\/\/www.astburyformentera.es\/blog\/calo-des-mort\/\",\"name\":\"Playa Calo' des Mort - Astbury Formentera\",\"isPartOf\":{\"@id\":\"https:\/\/www.astburyformentera.es\/blog\/#website\"},\"primaryImageOfPage\":{\"@id\":\"https:\/\/www.astburyformentera.es\/blog\/calo-des-mort\/#primaryimage\"},\"image\":{\"@id\":\"https:\/\/www.astburyformentera.es\/blog\/calo-des-mort\/#primaryimage\"},\"thumbnailUrl\":\"https:\/\/www.astburyformentera.es\/blog\/wp-content\/uploads\/2025\/08\/calo-des-mort-formentera-beach-1-scaled.webp\",\"datePublished\":\"2025-08-29T16:42:12+00:00\",\"dateModified\":\"2025-09-01T13:58:56+00:00\",\"description\":\"Descubre todo lo que necesitas saber sobre Cal\u00f3 des Mort, una cala escondida de Formentera, y el cercano Chiringuito Bartolo, donde podr\u00e1s disfrutar de c\u00f3cteles con m\u00e1gicas vistas de la puesta de sol.\",\"breadcrumb\":{\"@id\":\"https:\/\/www.astburyformentera.es\/blog\/calo-des-mort\/#breadcrumb\"},\"inLanguage\":\"es\",\"potentialAction\":[{\"@type\":\"ReadAction\",\"target\":[\"https:\/\/www.astburyformentera.es\/blog\/calo-des-mort\/\"]}]},{\"@type\":\"ImageObject\",\"inLanguage\":\"es\",\"@id\":\"https:\/\/www.astburyformentera.es\/blog\/calo-des-mort\/#primaryimage\",\"url\":\"https:\/\/www.astburyformentera.es\/blog\/wp-content\/uploads\/2025\/08\/calo-des-mort-formentera-beach-1-scaled.webp\",\"contentUrl\":\"https:\/\/www.astburyformentera.es\/blog\/wp-content\/uploads\/2025\/08\/calo-des-mort-formentera-beach-1-scaled.webp\",\"width\":2560,\"height\":1920,\"caption\":\"Cal\u00f3 des Mort beach, Formentera\"},{\"@type\":\"BreadcrumbList\",\"@id\":\"https:\/\/www.astburyformentera.es\/blog\/calo-des-mort\/#breadcrumb\",\"itemListElement\":[{\"@type\":\"ListItem\",\"position\":1,\"name\":\"Home\",\"item\":\"https:\/\/www.astburyformentera.es\/blog\/\"},{\"@type\":\"ListItem\",\"position\":2,\"name\":\"Cal\u00f3 Des Mort\"}]},{\"@type\":\"WebSite\",\"@id\":\"https:\/\/www.astburyformentera.es\/blog\/#website\",\"url\":\"https:\/\/www.astburyformentera.es\/blog\/\",\"name\":\"Island Life\",\"description\":\"Astbury Formentera\",\"publisher\":{\"@id\":\"https:\/\/www.astburyformentera.es\/blog\/#organization\"},\"potentialAction\":[{\"@type\":\"SearchAction\",\"target\":{\"@type\":\"EntryPoint\",\"urlTemplate\":\"https:\/\/www.astburyformentera.es\/blog\/?s={search_term_string}\"},\"query-input\":\"required name=search_term_string\"}],\"inLanguage\":\"es\"},{\"@type\":\"Organization\",\"@id\":\"https:\/\/www.astburyformentera.es\/blog\/#organization\",\"name\":\"Astbury Formentera\",\"url\":\"https:\/\/www.astburyformentera.es\/blog\/\",\"logo\":{\"@type\":\"ImageObject\",\"inLanguage\":\"es\",\"@id\":\"https:\/\/www.astburyformentera.es\/blog\/#\/schema\/logo\/image\/\",\"url\":\"https:\/\/www.astburyformentera.es\/blog\/wp-content\/uploads\/2024\/06\/Astbury_Main_Logo.jpg\",\"contentUrl\":\"https:\/\/www.astburyformentera.es\/blog\/wp-content\/uploads\/2024\/06\/Astbury_Main_Logo.jpg\",\"width\":591,\"height\":794,\"caption\":\"Astbury Formentera\"},\"image\":{\"@id\":\"https:\/\/www.astburyformentera.es\/blog\/#\/schema\/logo\/image\/\"},\"sameAs\":[\"https:\/\/www.facebook.com\/formentera.astbury\/\",\"https:\/\/www.instagram.com\/astburyformentera\/\"]},{\"@type\":\"Person\",\"@id\":\"https:\/\/www.astburyformentera.es\/blog\/#\/schema\/person\/3b7960663a62d882614d380312b77245\",\"name\":\"astburyformentera\",\"image\":{\"@type\":\"ImageObject\",\"inLanguage\":\"es\",\"@id\":\"https:\/\/www.astburyformentera.es\/blog\/#\/schema\/person\/image\/\",\"url\":\"https:\/\/secure.gravatar.com\/avatar\/e7a2190fae75b01f080821e9e7053a7d131f6f71b9d3654542a5a42f29c8a000?s=96&d=mm&r=g\",\"contentUrl\":\"https:\/\/secure.gravatar.com\/avatar\/e7a2190fae75b01f080821e9e7053a7d131f6f71b9d3654542a5a42f29c8a000?s=96&d=mm&r=g\",\"caption\":\"astburyformentera\"},\"url\":\"https:\/\/www.astburyformentera.es\/blog\/author\/astburyformentera\/\"}]}<\/script>\n<!-- \/ Yoast SEO plugin. -->","yoast_head_json":{"title":"Playa Calo' des Mort - Astbury Formentera","description":"Descubre todo lo que necesitas saber sobre Cal\u00f3 des Mort, una cala escondida de Formentera, y el cercano Chiringuito Bartolo, donde podr\u00e1s disfrutar de c\u00f3cteles con m\u00e1gicas vistas de la puesta de sol.","robots":{"index":"index","follow":"follow","max-snippet":"max-snippet:-1","max-image-preview":"max-image-preview:large","max-video-preview":"max-video-preview:-1"},"canonical":"https:\/\/www.astburyformentera.es\/blog\/calo-des-mort\/","og_locale":"es_ES","og_type":"article","og_title":"Playa Calo' des Mort - Astbury Formentera","og_description":"Descubre todo lo que necesitas saber sobre Cal\u00f3 des Mort, una cala escondida de Formentera, y el cercano Chiringuito Bartolo, donde podr\u00e1s disfrutar de c\u00f3cteles con m\u00e1gicas vistas de la puesta de sol.","og_url":"https:\/\/www.astburyformentera.es\/blog\/calo-des-mort\/","og_site_name":"Island Life","article_publisher":"https:\/\/www.facebook.com\/formentera.astbury\/","article_published_time":"2025-08-29T16:42:12+00:00","article_modified_time":"2025-09-01T13:58:56+00:00","og_image":[{"width":2560,"height":1920,"url":"https:\/\/www.astburyformentera.es\/blog\/wp-content\/uploads\/2025\/08\/calo-des-mort-formentera-beach-1-scaled.webp","type":"image\/webp"}],"author":"astburyformentera","twitter_card":"summary_large_image","twitter_misc":{"Escrito por":"astburyformentera","Tiempo de lectura":"2 minutos"},"schema":{"@context":"https:\/\/schema.org","@graph":[{"@type":"Article","@id":"https:\/\/www.astburyformentera.es\/blog\/calo-des-mort\/#article","isPartOf":{"@id":"https:\/\/www.astburyformentera.es\/blog\/calo-des-mort\/"},"author":{"name":"astburyformentera","@id":"https:\/\/www.astburyformentera.es\/blog\/#\/schema\/person\/3b7960663a62d882614d380312b77245"},"headline":"Cal\u00f3 Des Mort","datePublished":"2025-08-29T16:42:12+00:00","dateModified":"2025-09-01T13:58:56+00:00","mainEntityOfPage":{"@id":"https:\/\/www.astburyformentera.es\/blog\/calo-des-mort\/"},"wordCount":315,"publisher":{"@id":"https:\/\/www.astburyformentera.es\/blog\/#organization"},"image":{"@id":"https:\/\/www.astburyformentera.es\/blog\/calo-des-mort\/#primaryimage"},"thumbnailUrl":"https:\/\/www.astburyformentera.es\/blog\/wp-content\/uploads\/2025\/08\/calo-des-mort-formentera-beach-1-scaled.webp","articleSection":["Consejos e informaci\u00f3n de viaje a Formentera","Playas de Formentera","Sin categorizar"],"inLanguage":"es"},{"@type":"WebPage","@id":"https:\/\/www.astburyformentera.es\/blog\/calo-des-mort\/","url":"https:\/\/www.astburyformentera.es\/blog\/calo-des-mort\/","name":"Playa Calo' des Mort - Astbury Formentera","isPartOf":{"@id":"https:\/\/www.astburyformentera.es\/blog\/#website"},"primaryImageOfPage":{"@id":"https:\/\/www.astburyformentera.es\/blog\/calo-des-mort\/#primaryimage"},"image":{"@id":"https:\/\/www.astburyformentera.es\/blog\/calo-des-mort\/#primaryimage"},"thumbnailUrl":"https:\/\/www.astburyformentera.es\/blog\/wp-content\/uploads\/2025\/08\/calo-des-mort-formentera-beach-1-scaled.webp","datePublished":"2025-08-29T16:42:12+00:00","dateModified":"2025-09-01T13:58:56+00:00","description":"Descubre todo lo que necesitas saber sobre Cal\u00f3 des Mort, una cala escondida de Formentera, y el cercano Chiringuito Bartolo, donde podr\u00e1s disfrutar de c\u00f3cteles con m\u00e1gicas vistas de la puesta de sol.","breadcrumb":{"@id":"https:\/\/www.astburyformentera.es\/blog\/calo-des-mort\/#breadcrumb"},"inLanguage":"es","potentialAction":[{"@type":"ReadAction","target":["https:\/\/www.astburyformentera.es\/blog\/calo-des-mort\/"]}]},{"@type":"ImageObject","inLanguage":"es","@id":"https:\/\/www.astburyformentera.es\/blog\/calo-des-mort\/#primaryimage","url":"https:\/\/www.astburyformentera.es\/blog\/wp-content\/uploads\/2025\/08\/calo-des-mort-formentera-beach-1-scaled.webp","contentUrl":"https:\/\/www.astburyformentera.es\/blog\/wp-content\/uploads\/2025\/08\/calo-des-mort-formentera-beach-1-scaled.webp","width":2560,"height":1920,"caption":"Cal\u00f3 des Mort beach, Formentera"},{"@type":"BreadcrumbList","@id":"https:\/\/www.astburyformentera.es\/blog\/calo-des-mort\/#breadcrumb","itemListElement":[{"@type":"ListItem","position":1,"name":"Home","item":"https:\/\/www.astburyformentera.es\/blog\/"},{"@type":"ListItem","position":2,"name":"Cal\u00f3 Des Mort"}]},{"@type":"WebSite","@id":"https:\/\/www.astburyformentera.es\/blog\/#website","url":"https:\/\/www.astburyformentera.es\/blog\/","name":"Island Life","description":"Astbury Formentera","publisher":{"@id":"https:\/\/www.astburyformentera.es\/blog\/#organization"},"potentialAction":[{"@type":"SearchAction","target":{"@type":"EntryPoint","urlTemplate":"https:\/\/www.astburyformentera.es\/blog\/?s={search_term_string}"},"query-input":"required name=search_term_string"}],"inLanguage":"es"},{"@type":"Organization","@id":"https:\/\/www.astburyformentera.es\/blog\/#organization","name":"Astbury Formentera","url":"https:\/\/www.astburyformentera.es\/blog\/","logo":{"@type":"ImageObject","inLanguage":"es","@id":"https:\/\/www.astburyformentera.es\/blog\/#\/schema\/logo\/image\/","url":"https:\/\/www.astburyformentera.es\/blog\/wp-content\/uploads\/2024\/06\/Astbury_Main_Logo.jpg","contentUrl":"https:\/\/www.astburyformentera.es\/blog\/wp-content\/uploads\/2024\/06\/Astbury_Main_Logo.jpg","width":591,"height":794,"caption":"Astbury Formentera"},"image":{"@id":"https:\/\/www.astburyformentera.es\/blog\/#\/schema\/logo\/image\/"},"sameAs":["https:\/\/www.facebook.com\/formentera.astbury\/","https:\/\/www.instagram.com\/astburyformentera\/"]},{"@type":"Person","@id":"https:\/\/www.astburyformentera.es\/blog\/#\/schema\/person\/3b7960663a62d882614d380312b77245","name":"astburyformentera","image":{"@type":"ImageObject","inLanguage":"es","@id":"https:\/\/www.astburyformentera.es\/blog\/#\/schema\/person\/image\/","url":"https:\/\/secure.gravatar.com\/avatar\/e7a2190fae75b01f080821e9e7053a7d131f6f71b9d3654542a5a42f29c8a000?s=96&d=mm&r=g","contentUrl":"https:\/\/secure.gravatar.com\/avatar\/e7a2190fae75b01f080821e9e7053a7d131f6f71b9d3654542a5a42f29c8a000?s=96&d=mm&r=g","caption":"astburyformentera"},"url":"https:\/\/www.astburyformentera.es\/blog\/author\/astburyformentera\/"}]}},"_links":{"self":[{"href":"https:\/\/www.astburyformentera.es\/blog\/wp-json\/wp\/v2\/posts\/2758","targetHints":{"allow":["GET"]}}],"collection":[{"href":"https:\/\/www.astburyformentera.es\/blog\/wp-json\/wp\/v2\/posts"}],"about":[{"href":"https:\/\/www.astburyformentera.es\/blog\/wp-json\/wp\/v2\/types\/post"}],"author":[{"embeddable":true,"href":"https:\/\/www.astburyformentera.es\/blog\/wp-json\/wp\/v2\/users\/2"}],"replies":[{"embeddable":true,"href":"https:\/\/www.astburyformentera.es\/blog\/wp-json\/wp\/v2\/comments?post=2758"}],"version-history":[{"count":3,"href":"https:\/\/www.astburyformentera.es\/blog\/wp-json\/wp\/v2\/posts\/2758\/revisions"}],"predecessor-version":[{"id":2770,"href":"https:\/\/www.astburyformentera.es\/blog\/wp-json\/wp\/v2\/posts\/2758\/revisions\/2770"}],"wp:featuredmedia":[{"embeddable":true,"href":"https:\/\/www.astburyformentera.es\/blog\/wp-json\/wp\/v2\/media\/2742"}],"wp:attachment":[{"href":"https:\/\/www.astburyformentera.es\/blog\/wp-json\/wp\/v2\/media?parent=2758"}],"wp:term":[{"taxonomy":"category","embeddable":true,"href":"https:\/\/www.astburyformentera.es\/blog\/wp-json\/wp\/v2\/categories?post=2758"},{"taxonomy":"post_tag","embeddable":true,"href":"https:\/\/www.astburyformentera.es\/blog\/wp-json\/wp\/v2\/tags?post=2758"}],"curies":[{"name":"wp","href":"https:\/\/api.w.org\/{rel}","templated":true}]}}